{"id":14414,"date":"2021-10-22T09:07:22","date_gmt":"2021-10-22T09:07:22","guid":{"rendered":"https:\/\/www.neoglis.it\/?p=14414"},"modified":"2022-03-25T10:58:30","modified_gmt":"2022-03-25T10:58:30","slug":"trattamento-acne-grave-il-protocollo-neoglis-per-combattere-lacne","status":"publish","type":"post","link":"https:\/\/www.neoglis.it\/en\/trattamento-acne-grave-il-protocollo-neoglis-per-combattere-lacne\/","title":{"rendered":"Trattamento acne grave: il protocollo Neoglis per combattere l\u2019acne e la storia di Francesca"},"content":{"rendered":"<p><\/p><p><em>Francesca, 23 anni, \u00e8 arrivata in uno dei centri specializzati Neoglis con una problematica di acne grave.&nbsp;<\/em><\/p><p><em>Scopriamo insieme il percorso che ha seguito<strong> per combattere l\u2019acne.<\/strong><\/em><\/p><hr class=\"wp-block-separator\"\/><h2 class=\"wp-block-heading\"><strong>Cos\u2019\u00e8 l\u2019acne?<\/strong><\/h2><p><strong>L\u2019acne \u00e8 una malattia del follicolo pilo-sebaceo<\/strong> che si manifesta con la comparsa di lesioni che possono essere di natura:<\/p><ul class=\"wp-block-list\"><li>non infiammatorie (come i comedoni o i famosi \u201cpunti neri\u201d)&nbsp;<\/li><li>infiammatoria (nel caso di pustole, noduli o cisti)<\/li><\/ul><p>Nel 70-80% dei casi compare soprattutto nell\u2019et\u00e0 adolescenziale e generalmente si risolve intorno ai 20 anni. In alcuni casi, come quello di Francesca, per\u00f2, pu\u00f2 perdurare fino ai 25 e in altri persistere o comparire in et\u00e0 adulta.<\/p><p>Negli ultimi anni queste ultime casistiche sono aumentate, tanto che, in ambito medico, si preferisce parlare di <strong>acne volgare <\/strong>piuttosto che acne giovanile.<\/p><hr class=\"wp-block-separator\"\/><h2 class=\"wp-block-heading\"><strong>Quali sono le cause dell\u2019acne?<\/strong><\/h2><p>Non esiste una sola <strong>causa dell\u2019acne<\/strong>.&nbsp;<\/p><p>I fattori a pi\u00f9 alta incidenza di solito sono l\u2019<strong>aumentata produzione di sebo<\/strong>, l\u2019<strong>infiammazione <\/strong>dei <strong>follicoli pilo-sebacei<\/strong> e la loro <strong>alterata cheratinizzazione<\/strong> (ossia la formazione di un tappo che pu\u00f2 chiudere gli sbocchi delle ghiandole).&nbsp;<\/p><p>Oltre questo, vanno poi considerati una serie di fattori psicologici e ambientali che possono influire sulla comparsa dell\u2019acne.&nbsp;<\/p><hr class=\"wp-block-separator\"\/><h2 class=\"wp-block-heading\"><strong>Come curare l\u2019acne: il protocollo Neoglis<\/strong><\/h2><p><strong>Neoglis<\/strong> ha sviluppato un <strong>protocollo di trattamento per l\u2019acne<\/strong> dalla spiccata azione sebonormalizzante, purificante e rinnovatrice.&nbsp;<\/p><p>Quello di Francesca \u00e8 un caso studio interessante per capire <strong>come curare e migliorare l\u2019acne. Grazie ai&nbsp; trattamenti topici professionali a base di Acido Mandelico, svolti da personale qualificato Neoglis (in questo caso ringraziamo il C. Estetico MAYA di PESARO &#8211; PU)<\/strong> la pelle \u00e8 tornata al suo equilibrio naturale e l\u2019epidermide ha riacquistato compattezza.<\/p><p>Il ciclo di trattamento \u00e8 durato 90 giorni ed ha portato risultati visibili fino dopo le prime settimane.&nbsp;<\/p><hr class=\"wp-block-separator\"\/><h2 class=\"wp-block-heading\"><strong>I prodotti per acne giovanile del protocollo Neoglis e le fasi del trattamento<\/strong> <strong>professionale<\/strong><\/h2><h4 class=\"wp-block-heading\"><strong>1) I FASE<\/strong><\/h4><div class=\"wp-block-columns is-layout-flex wp-container-core-columns-is-layout-1 wp-block-columns-is-layout-flex\"><div class=\"wp-block-column is-layout-flow wp-block-column-is-layout-flow\"><figure class=\"wp-block-table is-style-regular\"><table class=\"has-subtle-light-gray-background-color has-background\"><tbody><tr><td><strong><span class=\"has-inline-color has-pale-pink-color\">TIPOLOGIA DI TRATTAMENTO<\/span><\/strong><\/td><\/tr><\/tbody><\/table><\/figure>\n\n<p class=\"has-text-align-center\">Un trattamento a settimana con Acido Mandelico&nbsp;<\/p>\n\n<p class=\"has-text-align-center\"><em>Obiettivo: sfiammare&nbsp;<\/em><\/p><\/div>\n\n<div class=\"wp-block-column is-layout-flow wp-block-column-is-layout-flow\"><figure class=\"wp-block-table is-style-regular\"><table class=\"has-subtle-light-gray-background-color has-background\"><tbody><tr><td><strong><span class=\"has-inline-color has-pale-pink-color\">PRODOTTO USATO<\/span><\/strong><\/td><\/tr><\/tbody><\/table><\/figure>\n\n<p class=\"has-text-align-center\"><strong><a href=\"https:\/\/www.neoglis.it\/linea-professionale-viso\/mandelic-complex-50-0\/\" target=\"_blank\" rel=\"noreferrer noopener\">MANDELIC COMPLEX 50.0<\/a><\/strong><\/p>\n\n<div class=\"wp-block-image\"><figure class=\"aligncenter is-resized\"><a href=\"https:\/\/www.neoglis.it\/linea-professionale-viso\/mandelic-complex-50-0\/\" target=\"_blank\" rel=\"noreferrer noopener\"><img loading=\"lazy\" decoding=\"async\" src=\"https:\/\/www.neoglis.it\/wp-content\/uploads\/2021\/10\/Mandelic-Complex-prodotto-neoglis-trattamento-acne-grave.png\" alt=\"trattamento-acne-grave-con-Mandelic-Complex-prodotto-neoglis\" class=\"wp-image-14415\" width=\"192\" height=\"192\" srcset=\"https:\/\/www.neoglis.it\/wp-content\/uploads\/2021\/10\/Mandelic-Complex-prodotto-neoglis-trattamento-acne-grave.png 650w, https:\/\/www.neoglis.it\/wp-content\/uploads\/2021\/10\/Mandelic-Complex-prodotto-neoglis-trattamento-acne-grave-300x300.png 300w, https:\/\/www.neoglis.it\/wp-content\/uploads\/2021\/10\/Mandelic-Complex-prodotto-neoglis-trattamento-acne-grave-150x150.png 150w, https:\/\/www.neoglis.it\/wp-content\/uploads\/2021\/10\/Mandelic-Complex-prodotto-neoglis-trattamento-acne-grave-600x600.png 600w, https:\/\/www.neoglis.it\/wp-content\/uploads\/2021\/10\/Mandelic-Complex-prodotto-neoglis-trattamento-acne-grave-100x100.png 100w\" sizes=\"auto, (max-width: 192px) 100vw, 192px\" \/><\/a><\/figure><\/div>\n\n<p class=\"has-text-align-center\">Soluzione biostimolante 50.0, formulata con Acido Mandelico e Gluconolactone.&nbsp;<\/p>\n\n<p class=\"has-text-align-center\">Agisce da cheratolitico per&nbsp; rendere pi\u00f9 \u201cfluido\u201d lo strato corneo dell\u2019epidermide.<\/p>\n\n<p><\/p><\/div><\/div><h4 class=\"wp-block-heading\"><strong>RISULTATI<\/strong> dopo la I FASE di trattamento<\/h4><div class=\"wp-block-columns is-layout-flex wp-container-core-columns-is-layout-2 wp-block-columns-is-layout-flex\"><div class=\"wp-block-column is-layout-flow wp-block-column-is-layout-flow\"><div class=\"wp-block-image\"><figure class=\"aligncenter size-large is-resized\"><img loading=\"lazy\" decoding=\"async\" src=\"https:\/\/www.neoglis.it\/wp-content\/uploads\/2021\/10\/acne-giovanile-I-fase-trattamento-protocollo-Neoglis1-4-576x1024.png\" alt=\"acne-giovanile-I-fase-trattamento-protocollo-Neoglis1\" class=\"wp-image-14460\" width=\"234\" height=\"416\" srcset=\"https:\/\/www.neoglis.it\/wp-content\/uploads\/2021\/10\/acne-giovanile-I-fase-trattamento-protocollo-Neoglis1-4-576x1024.png 576w, https:\/\/www.neoglis.it\/wp-content\/uploads\/2021\/10\/acne-giovanile-I-fase-trattamento-protocollo-Neoglis1-4-169x300.png 169w, https:\/\/www.neoglis.it\/wp-content\/uploads\/2021\/10\/acne-giovanile-I-fase-trattamento-protocollo-Neoglis1-4-600x1068.png 600w, https:\/\/www.neoglis.it\/wp-content\/uploads\/2021\/10\/acne-giovanile-I-fase-trattamento-protocollo-Neoglis1-4.png 607w\" sizes=\"auto, (max-width: 234px) 100vw, 234px\" \/><\/figure><\/div><\/div>\n\n<div class=\"wp-block-column is-layout-flow wp-block-column-is-layout-flow\"><figure class=\"wp-block-image size-large is-resized\"><img loading=\"lazy\" decoding=\"async\" src=\"https:\/\/www.neoglis.it\/wp-content\/uploads\/2021\/10\/acne-giovanile-I-fase-trattamento-protocollo-Neoglis2-2-574x1024.png\" alt=\"acne-giovanile-I-fase-trattamento-protocollo-Neoglis2\" class=\"wp-image-14461\" width=\"236\" height=\"421\" srcset=\"https:\/\/www.neoglis.it\/wp-content\/uploads\/2021\/10\/acne-giovanile-I-fase-trattamento-protocollo-Neoglis2-2-574x1024.png 574w, https:\/\/www.neoglis.it\/wp-content\/uploads\/2021\/10\/acne-giovanile-I-fase-trattamento-protocollo-Neoglis2-2-168x300.png 168w, https:\/\/www.neoglis.it\/wp-content\/uploads\/2021\/10\/acne-giovanile-I-fase-trattamento-protocollo-Neoglis2-2-600x1071.png 600w, https:\/\/www.neoglis.it\/wp-content\/uploads\/2021\/10\/acne-giovanile-I-fase-trattamento-protocollo-Neoglis2-2.png 605w\" sizes=\"auto, (max-width: 236px) 100vw, 236px\" \/><\/figure><\/div><\/div><div class=\"wp-block-columns is-layout-flex wp-container-core-columns-is-layout-3 wp-block-columns-is-layout-flex\"><\/div><hr class=\"wp-block-separator\"\/><h4 class=\"wp-block-heading\"><strong>2) II FASE<\/strong><\/h4><div class=\"wp-block-columns is-layout-flex wp-container-core-columns-is-layout-4 wp-block-columns-is-layout-flex\"><div class=\"wp-block-column is-layout-flow wp-block-column-is-layout-flow\"><figure class=\"wp-block-table is-style-regular\"><table class=\"has-subtle-light-gray-background-color has-background\"><tbody><tr><td><strong><span class=\"has-inline-color has-pale-pink-color\">TIPOLOGIA DI TRATTAMENTO<\/span><\/strong><\/td><\/tr><\/tbody><\/table><\/figure>\n\n<p class=\"has-text-align-center\">4 peeling ripetuti ogni 15 giorni con prodotto Biostimolation 20.0 e Biostimolation 40.0<\/p><\/div>\n\n<div class=\"wp-block-column is-layout-flow wp-block-column-is-layout-flow\"><figure class=\"wp-block-table is-style-regular\"><table class=\"has-subtle-light-gray-background-color has-background\"><tbody><tr><td><span class=\"has-inline-color has-pale-pink-color\"><strong>PRODOTTI USATI<\/strong><\/span><\/td><\/tr><\/tbody><\/table><\/figure>\n\n<p class=\"has-text-align-center\"><strong><a href=\"https:\/\/www.neoglis.it\/linea-professionale-viso\/biostimolation-complex-20-0\/\" target=\"_blank\" rel=\"noreferrer noopener\">BIOSTIMOLATION COMPLEX 20.0<\/a><\/strong><\/p>\n\n<div class=\"wp-block-image\"><figure class=\"aligncenter is-resized\"><a href=\"https:\/\/www.neoglis.it\/linea-professionale-viso\/biostimolation-complex-20-0\/\" target=\"_blank\" rel=\"noreferrer noopener\"><img loading=\"lazy\" decoding=\"async\" src=\"https:\/\/www.neoglis.it\/wp-content\/uploads\/2021\/10\/Biostimolation-Complex-20-prodotto-neoglis-acne-giovanile.png\" alt=\"Biostimolation-Complex-20-prodotto-neoglis-acne-giovanile\" class=\"wp-image-14420\" width=\"185\" height=\"185\" srcset=\"https:\/\/www.neoglis.it\/wp-content\/uploads\/2021\/10\/Biostimolation-Complex-20-prodotto-neoglis-acne-giovanile.png 650w, https:\/\/www.neoglis.it\/wp-content\/uploads\/2021\/10\/Biostimolation-Complex-20-prodotto-neoglis-acne-giovanile-300x300.png 300w, https:\/\/www.neoglis.it\/wp-content\/uploads\/2021\/10\/Biostimolation-Complex-20-prodotto-neoglis-acne-giovanile-150x150.png 150w, https:\/\/www.neoglis.it\/wp-content\/uploads\/2021\/10\/Biostimolation-Complex-20-prodotto-neoglis-acne-giovanile-600x600.png 600w, https:\/\/www.neoglis.it\/wp-content\/uploads\/2021\/10\/Biostimolation-Complex-20-prodotto-neoglis-acne-giovanile-100x100.png 100w\" sizes=\"auto, (max-width: 185px) 100vw, 185px\" \/><\/a><\/figure><\/div>\n\n<p class=\"has-text-align-center\">Soluzione biostimolante per uso professionale indicato nei trattamenti Neoglis\u00ae, per pelli normali. Formulato con AHAs: Acido Glicolico, Malico, Tartarico e Glicosaminoglicani.<\/p>\n\n<hr class=\"wp-block-separator aligncenter\"\/>\n\n<p class=\"has-text-align-center\"><a href=\"https:\/\/www.neoglis.it\/linea-professionale-viso\/biostimolation-complex-40-0\/\" target=\"_blank\" rel=\"noreferrer noopener\"><strong>BIOSTIMOLATION COMPLEX 40.0<\/strong><\/a><br><\/p>\n\n<div class=\"wp-block-image\"><figure class=\"aligncenter is-resized\"><a href=\"https:\/\/www.neoglis.it\/linea-professionale-viso\/biostimolation-complex-20-0\/\" target=\"_blank\" rel=\"noreferrer noopener\"><img loading=\"lazy\" decoding=\"async\" src=\"https:\/\/www.neoglis.it\/wp-content\/uploads\/2021\/10\/Biostimolation-Complex-20-prodotto-neoglis-acne-giovanile.png\" alt=\"Biostimolation-Complex-20-prodotto-neoglis-acne-giovanile\" class=\"wp-image-14420\" width=\"191\" height=\"191\" srcset=\"https:\/\/www.neoglis.it\/wp-content\/uploads\/2021\/10\/Biostimolation-Complex-20-prodotto-neoglis-acne-giovanile.png 650w, https:\/\/www.neoglis.it\/wp-content\/uploads\/2021\/10\/Biostimolation-Complex-20-prodotto-neoglis-acne-giovanile-300x300.png 300w, https:\/\/www.neoglis.it\/wp-content\/uploads\/2021\/10\/Biostimolation-Complex-20-prodotto-neoglis-acne-giovanile-150x150.png 150w, https:\/\/www.neoglis.it\/wp-content\/uploads\/2021\/10\/Biostimolation-Complex-20-prodotto-neoglis-acne-giovanile-600x600.png 600w, https:\/\/www.neoglis.it\/wp-content\/uploads\/2021\/10\/Biostimolation-Complex-20-prodotto-neoglis-acne-giovanile-100x100.png 100w\" sizes=\"auto, (max-width: 191px) 100vw, 191px\" \/><\/a><\/figure><\/div>\n\n<p class=\"has-text-align-center\">Soluzione biostimolante per uso professionale indicato nei trattamenti Neoglis\u00ae. Per pelli normali, grasse, spesse, impure, con tendenza acneica ed iperpigmentate. Formulato con AHAs, AKA: Acido Glicolico, Cogico, Salicilico, Piruvico, Mandelico, Lattico, Malico, Tartarico.<a href=\"https:\/\/www.neoglis.it\/linea-professionale-viso\/biostimolation-complex-40-0\/\" target=\"_blank\" rel=\"noreferrer noopener\"><br><\/a><\/p><\/div><\/div><h4 class=\"wp-block-heading\"><strong>RISULTATI<\/strong> dopo la II FASE di trattamento<\/h4><div class=\"wp-block-columns is-layout-flex wp-container-core-columns-is-layout-5 wp-block-columns-is-layout-flex\"><div class=\"wp-block-column is-layout-flow wp-block-column-is-layout-flow\"><div class=\"wp-block-image\"><figure class=\"aligncenter size-large is-resized\"><img loading=\"lazy\" decoding=\"async\" src=\"https:\/\/www.neoglis.it\/wp-content\/uploads\/2021\/10\/combattere-l-acne-con-prodotti-neoglis-i-risultati-II-fase-trattamento-1024x1024.png\" alt=\"combattere-l-acne-con-prodotti-neoglis-i-risultati-II-fase-trattamento\" class=\"wp-image-14462\" width=\"402\" height=\"402\" srcset=\"https:\/\/www.neoglis.it\/wp-content\/uploads\/2021\/10\/combattere-l-acne-con-prodotti-neoglis-i-risultati-II-fase-trattamento-1024x1024.png 1024w, https:\/\/www.neoglis.it\/wp-content\/uploads\/2021\/10\/combattere-l-acne-con-prodotti-neoglis-i-risultati-II-fase-trattamento-300x300.png 300w, https:\/\/www.neoglis.it\/wp-content\/uploads\/2021\/10\/combattere-l-acne-con-prodotti-neoglis-i-risultati-II-fase-trattamento-150x150.png 150w, https:\/\/www.neoglis.it\/wp-content\/uploads\/2021\/10\/combattere-l-acne-con-prodotti-neoglis-i-risultati-II-fase-trattamento-768x768.png 768w, https:\/\/www.neoglis.it\/wp-content\/uploads\/2021\/10\/combattere-l-acne-con-prodotti-neoglis-i-risultati-II-fase-trattamento-650x650.png 650w, https:\/\/www.neoglis.it\/wp-content\/uploads\/2021\/10\/combattere-l-acne-con-prodotti-neoglis-i-risultati-II-fase-trattamento-600x600.png 600w, https:\/\/www.neoglis.it\/wp-content\/uploads\/2021\/10\/combattere-l-acne-con-prodotti-neoglis-i-risultati-II-fase-trattamento-100x100.png 100w, https:\/\/www.neoglis.it\/wp-content\/uploads\/2021\/10\/combattere-l-acne-con-prodotti-neoglis-i-risultati-II-fase-trattamento.png 1080w\" sizes=\"auto, (max-width: 402px) 100vw, 402px\" \/><\/figure><\/div><\/div>\n\n<div class=\"wp-block-column is-layout-flow wp-block-column-is-layout-flow\"><figure class=\"wp-block-image size-large is-resized\"><img loading=\"lazy\" decoding=\"async\" src=\"https:\/\/www.neoglis.it\/wp-content\/uploads\/2021\/10\/come-curare-acne-con-prodotti-neoglis-i-risultati-II-fase-trattamento-1024x1024.png\" alt=\"come-curare-acne-con-prodotti-neoglis-i-risultati-II-fase-trattamento\" class=\"wp-image-14463\" width=\"433\" height=\"433\" srcset=\"https:\/\/www.neoglis.it\/wp-content\/uploads\/2021\/10\/come-curare-acne-con-prodotti-neoglis-i-risultati-II-fase-trattamento-1024x1024.png 1024w, https:\/\/www.neoglis.it\/wp-content\/uploads\/2021\/10\/come-curare-acne-con-prodotti-neoglis-i-risultati-II-fase-trattamento-300x300.png 300w, https:\/\/www.neoglis.it\/wp-content\/uploads\/2021\/10\/come-curare-acne-con-prodotti-neoglis-i-risultati-II-fase-trattamento-150x150.png 150w, https:\/\/www.neoglis.it\/wp-content\/uploads\/2021\/10\/come-curare-acne-con-prodotti-neoglis-i-risultati-II-fase-trattamento-768x768.png 768w, https:\/\/www.neoglis.it\/wp-content\/uploads\/2021\/10\/come-curare-acne-con-prodotti-neoglis-i-risultati-II-fase-trattamento-650x650.png 650w, https:\/\/www.neoglis.it\/wp-content\/uploads\/2021\/10\/come-curare-acne-con-prodotti-neoglis-i-risultati-II-fase-trattamento-600x600.png 600w, https:\/\/www.neoglis.it\/wp-content\/uploads\/2021\/10\/come-curare-acne-con-prodotti-neoglis-i-risultati-II-fase-trattamento-100x100.png 100w, https:\/\/www.neoglis.it\/wp-content\/uploads\/2021\/10\/come-curare-acne-con-prodotti-neoglis-i-risultati-II-fase-trattamento.png 1080w\" sizes=\"auto, (max-width: 433px) 100vw, 433px\" \/><\/figure><\/div><\/div><div class=\"wp-block-columns is-layout-flex wp-container-core-columns-is-layout-7 wp-block-columns-is-layout-flex\"><div class=\"wp-block-column is-layout-flow wp-block-column-is-layout-flow\"><div class=\"wp-block-columns is-layout-flex wp-container-core-columns-is-layout-6 wp-block-columns-is-layout-flex\"><\/div><\/div><\/div><hr class=\"wp-block-separator\"\/><h4 class=\"wp-block-heading\"><strong>FASE DI MANTENIMENTO domiciliare dal primo trattamento con mandelico<\/strong><\/h4><div class=\"wp-block-columns is-layout-flex wp-container-core-columns-is-layout-8 wp-block-columns-is-layout-flex\"><div class=\"wp-block-column is-layout-flow wp-block-column-is-layout-flow\"><figure class=\"wp-block-table is-style-regular\"><table class=\"has-subtle-light-gray-background-color has-background\"><tbody><tr><td><strong><span class=\"has-inline-color has-pale-pink-color\">TIPOLOGIA DI TRATTAMENTO<\/span><\/strong><\/td><\/tr><\/tbody><\/table><\/figure>\n\n<p class=\"has-text-align-center\">Fase di mantenimento con prodotti domiciliari per l\u2019idratazione giorno\/notte e la detersione quotidiana<\/p><\/div>\n\n<div class=\"wp-block-column is-layout-flow wp-block-column-is-layout-flow\"><figure class=\"wp-block-table is-style-regular\"><table class=\"has-subtle-light-gray-background-color has-background\"><tbody><tr><td><span class=\"has-inline-color has-pale-pink-color\"><strong>PRODOTTI USATI<\/strong><\/span><\/td><\/tr><\/tbody><\/table><\/figure>\n\n<p class=\"has-text-align-center\">Per la detersione quotidiana:<\/p>\n\n<p class=\"has-text-align-center\"><strong><a href=\"https:\/\/www.neoglis.it\/prodotto\/gentle-mousse\/\" target=\"_blank\" rel=\"noreferrer noopener\">GENTLE MOUSSE<\/a><\/strong><\/p>\n\n<div class=\"wp-block-image\"><figure class=\"aligncenter is-resized\"><a href=\"https:\/\/www.neoglis.it\/prodotto\/gentle-mousse\/\" target=\"_blank\" rel=\"noreferrer noopener\"><img loading=\"lazy\" decoding=\"async\" src=\"https:\/\/www.neoglis.it\/wp-content\/uploads\/2021\/10\/gentle-mousse-neoglis-detersione-trattamento-acne.jpeg\" alt=\"gentle-mousse-neoglis-detersione-trattamento-acne\" class=\"wp-image-14426\" width=\"157\" height=\"157\" srcset=\"https:\/\/www.neoglis.it\/wp-content\/uploads\/2021\/10\/gentle-mousse-neoglis-detersione-trattamento-acne.jpeg 1000w, https:\/\/www.neoglis.it\/wp-content\/uploads\/2021\/10\/gentle-mousse-neoglis-detersione-trattamento-acne-300x300.jpeg 300w, https:\/\/www.neoglis.it\/wp-content\/uploads\/2021\/10\/gentle-mousse-neoglis-detersione-trattamento-acne-150x150.jpeg 150w, https:\/\/www.neoglis.it\/wp-content\/uploads\/2021\/10\/gentle-mousse-neoglis-detersione-trattamento-acne-768x768.jpeg 768w, https:\/\/www.neoglis.it\/wp-content\/uploads\/2021\/10\/gentle-mousse-neoglis-detersione-trattamento-acne-650x650.jpeg 650w, https:\/\/www.neoglis.it\/wp-content\/uploads\/2021\/10\/gentle-mousse-neoglis-detersione-trattamento-acne-600x600.jpeg 600w, https:\/\/www.neoglis.it\/wp-content\/uploads\/2021\/10\/gentle-mousse-neoglis-detersione-trattamento-acne-100x100.jpeg 100w\" sizes=\"auto, (max-width: 157px) 100vw, 157px\" \/><\/a><\/figure><\/div>\n\n<p>Mousse delicata che rispetta l\u2019equilibrio naturale della pelle, grazie alla sua formulazione senza sapone.<\/p>\n\n<p>Aiuta la pelle a ritrovare luminosit\u00e0 e morbidezza, lasciandola fresca ed idratata.<\/p>\n\n<hr class=\"wp-block-separator aligncenter\"\/>\n\n<p class=\"has-text-align-center\">Crema giorno:<\/p>\n\n<p class=\"has-text-align-center\"><strong><a href=\"https:\/\/www.neoglis.it\/prodotto\/infinity-24h\/\" target=\"_blank\" rel=\"noreferrer noopener\">INFINITY 24H<\/a><\/strong><\/p>\n\n<div class=\"wp-block-image\"><figure class=\"aligncenter is-resized\"><a href=\"https:\/\/www.neoglis.it\/prodotto\/infinity-24h\/\" target=\"_blank\" rel=\"noreferrer noopener\"><img loading=\"lazy\" decoding=\"async\" src=\"https:\/\/www.neoglis.it\/wp-content\/uploads\/2021\/10\/prodotti-trattamento-acne-crema-infinity-24h-neoglis.jpeg\" alt=\"prodotti-trattamento-acne-crema-infinity-24h-neoglis\" class=\"wp-image-14427\" width=\"217\" height=\"217\" srcset=\"https:\/\/www.neoglis.it\/wp-content\/uploads\/2021\/10\/prodotti-trattamento-acne-crema-infinity-24h-neoglis.jpeg 1000w, https:\/\/www.neoglis.it\/wp-content\/uploads\/2021\/10\/prodotti-trattamento-acne-crema-infinity-24h-neoglis-300x300.jpeg 300w, https:\/\/www.neoglis.it\/wp-content\/uploads\/2021\/10\/prodotti-trattamento-acne-crema-infinity-24h-neoglis-150x150.jpeg 150w, https:\/\/www.neoglis.it\/wp-content\/uploads\/2021\/10\/prodotti-trattamento-acne-crema-infinity-24h-neoglis-768x768.jpeg 768w, https:\/\/www.neoglis.it\/wp-content\/uploads\/2021\/10\/prodotti-trattamento-acne-crema-infinity-24h-neoglis-650x650.jpeg 650w, https:\/\/www.neoglis.it\/wp-content\/uploads\/2021\/10\/prodotti-trattamento-acne-crema-infinity-24h-neoglis-600x600.jpeg 600w, https:\/\/www.neoglis.it\/wp-content\/uploads\/2021\/10\/prodotti-trattamento-acne-crema-infinity-24h-neoglis-100x100.jpeg 100w\" sizes=\"auto, (max-width: 217px) 100vw, 217px\" \/><\/a><\/figure><\/div>\n\n<p class=\"has-text-align-center\">\u00c8 un\u2019emulsione cremosa con Acido Ialuronico, Acetyl Dipeptide-1, Cetyl Esters, Vitamina E e F. Svolge un\u2019azione idratante, emolliente e vellutante nel caso di pelli secche e disidratate. \u00c8 anche un\u2019ottima base per il make-up.&nbsp;<a href=\"https:\/\/www.neoglis.it\/linea-professionale-viso\/biostimolation-complex-40-0\/\" target=\"_blank\" rel=\"noreferrer noopener\"><br><\/a><\/p>\n\n<hr class=\"wp-block-separator aligncenter\"\/>\n\n<p class=\"has-text-align-center\">Crema sera:<\/p>\n\n<p class=\"has-text-align-center\"><strong><a href=\"https:\/\/www.neoglis.it\/prodotto\/recover-depot\/\" target=\"_blank\" rel=\"noreferrer noopener\">RECOVER DEPOT<\/a> prima<\/strong><\/p>\n\n<div class=\"wp-block-image\"><figure class=\"aligncenter is-resized\"><a href=\"https:\/\/www.neoglis.it\/prodotto\/recover-depot\/\" target=\"_blank\" rel=\"noreferrer noopener\"><img loading=\"lazy\" decoding=\"async\" src=\"https:\/\/www.neoglis.it\/wp-content\/uploads\/2021\/10\/recover-depot-crema-neoglis-curare-acne.jpeg\" alt=\"recover-depot-crema-neoglis-curare-acne\" class=\"wp-image-14428\" width=\"202\" height=\"202\" srcset=\"https:\/\/www.neoglis.it\/wp-content\/uploads\/2021\/10\/recover-depot-crema-neoglis-curare-acne.jpeg 1000w, https:\/\/www.neoglis.it\/wp-content\/uploads\/2021\/10\/recover-depot-crema-neoglis-curare-acne-300x300.jpeg 300w, https:\/\/www.neoglis.it\/wp-content\/uploads\/2021\/10\/recover-depot-crema-neoglis-curare-acne-150x150.jpeg 150w, https:\/\/www.neoglis.it\/wp-content\/uploads\/2021\/10\/recover-depot-crema-neoglis-curare-acne-768x768.jpeg 768w, https:\/\/www.neoglis.it\/wp-content\/uploads\/2021\/10\/recover-depot-crema-neoglis-curare-acne-650x650.jpeg 650w, https:\/\/www.neoglis.it\/wp-content\/uploads\/2021\/10\/recover-depot-crema-neoglis-curare-acne-600x600.jpeg 600w, https:\/\/www.neoglis.it\/wp-content\/uploads\/2021\/10\/recover-depot-crema-neoglis-curare-acne-100x100.jpeg 100w\" sizes=\"auto, (max-width: 202px) 100vw, 202px\" \/><\/a><\/figure><\/div>\n\n<p class=\"has-text-align-center\"><strong>Recover Depot<\/strong> \u00e8 uno speciale siero intensivo monodose che dona luminosit\u00e0 e idratazione alle pelli spente.<br>Contiene Vitamina C pura al 25% biodisponibile in 3 forme chimiche diverse che rinforza la produzione di collagene, stimola i tessuti ed attenua i segni della pelle affaticata. Gli Acidi Ialuronici, invece, contribuiscono ad idratare tutti gli strati della pelle.<\/p>\n\n<hr class=\"wp-block-separator aligncenter\"\/>\n\n<p class=\"has-text-align-center\"><strong><a href=\"https:\/\/www.neoglis.it\/prodotto\/skin-control\/\" target=\"_blank\" rel=\"noreferrer noopener\">SKIN CONTROL<\/a><\/strong><br><strong>dopo<\/strong><\/p>\n\n<div class=\"wp-block-image\"><figure class=\"aligncenter is-resized\"><a href=\"https:\/\/www.neoglis.it\/prodotto\/skin-control\/\" target=\"_blank\" rel=\"noreferrer noopener\"><img loading=\"lazy\" decoding=\"async\" src=\"https:\/\/www.neoglis.it\/wp-content\/uploads\/2021\/10\/skin-control-Neoglis-gel-riequilibrante-per-acne.jpeg\" alt=\"skin-control-Neoglis-gel-riequilibrante-per-acne\" class=\"wp-image-14429\" width=\"188\" height=\"188\" srcset=\"https:\/\/www.neoglis.it\/wp-content\/uploads\/2021\/10\/skin-control-Neoglis-gel-riequilibrante-per-acne.jpeg 1000w, https:\/\/www.neoglis.it\/wp-content\/uploads\/2021\/10\/skin-control-Neoglis-gel-riequilibrante-per-acne-300x300.jpeg 300w, https:\/\/www.neoglis.it\/wp-content\/uploads\/2021\/10\/skin-control-Neoglis-gel-riequilibrante-per-acne-150x150.jpeg 150w, https:\/\/www.neoglis.it\/wp-content\/uploads\/2021\/10\/skin-control-Neoglis-gel-riequilibrante-per-acne-768x768.jpeg 768w, https:\/\/www.neoglis.it\/wp-content\/uploads\/2021\/10\/skin-control-Neoglis-gel-riequilibrante-per-acne-650x650.jpeg 650w, https:\/\/www.neoglis.it\/wp-content\/uploads\/2021\/10\/skin-control-Neoglis-gel-riequilibrante-per-acne-600x600.jpeg 600w, https:\/\/www.neoglis.it\/wp-content\/uploads\/2021\/10\/skin-control-Neoglis-gel-riequilibrante-per-acne-100x100.jpeg 100w\" sizes=\"auto, (max-width: 188px) 100vw, 188px\" \/><\/a><\/figure><\/div>\n\n<p class=\"has-text-align-center\"><strong>Skin Control<\/strong> ha un&#8217;azione rinnovatrice, sebonormalizzante, purificante, coadiuvante anche nel trattamento delle discromie cutanee e in tutti i casi di pelle con tendenza acneica, pori dilatati e punti neri.&nbsp;<\/p><\/div><\/div><h3 class=\"wp-block-heading\">RISULTATI FINALI del trattamento antiacne Neoglis<\/h3><div class=\"wp-block-columns is-layout-flex wp-container-core-columns-is-layout-9 wp-block-columns-is-layout-flex\"><div class=\"wp-block-column is-layout-flow wp-block-column-is-layout-flow\"><div class=\"wp-block-image\"><figure class=\"aligncenter size-large is-resized\"><img loading=\"lazy\" decoding=\"async\" src=\"https:\/\/www.neoglis.it\/wp-content\/uploads\/2021\/10\/protocollo-trattamento-acne-neoglis-risultati-1024x1024.png\" alt=\"protocollo-trattamento-acne-neoglis-risultati\" class=\"wp-image-14464\" width=\"416\" height=\"416\" srcset=\"https:\/\/www.neoglis.it\/wp-content\/uploads\/2021\/10\/protocollo-trattamento-acne-neoglis-risultati-1024x1024.png 1024w, https:\/\/www.neoglis.it\/wp-content\/uploads\/2021\/10\/protocollo-trattamento-acne-neoglis-risultati-300x300.png 300w, https:\/\/www.neoglis.it\/wp-content\/uploads\/2021\/10\/protocollo-trattamento-acne-neoglis-risultati-150x150.png 150w, https:\/\/www.neoglis.it\/wp-content\/uploads\/2021\/10\/protocollo-trattamento-acne-neoglis-risultati-768x768.png 768w, https:\/\/www.neoglis.it\/wp-content\/uploads\/2021\/10\/protocollo-trattamento-acne-neoglis-risultati-650x650.png 650w, https:\/\/www.neoglis.it\/wp-content\/uploads\/2021\/10\/protocollo-trattamento-acne-neoglis-risultati-600x600.png 600w, https:\/\/www.neoglis.it\/wp-content\/uploads\/2021\/10\/protocollo-trattamento-acne-neoglis-risultati-100x100.png 100w, https:\/\/www.neoglis.it\/wp-content\/uploads\/2021\/10\/protocollo-trattamento-acne-neoglis-risultati.png 1080w\" sizes=\"auto, (max-width: 416px) 100vw, 416px\" \/><\/figure><\/div><\/div>\n\n<div class=\"wp-block-column is-layout-flow wp-block-column-is-layout-flow\"><figure class=\"wp-block-image size-large is-resized\"><img loading=\"lazy\" decoding=\"async\" src=\"https:\/\/www.neoglis.it\/wp-content\/uploads\/2021\/10\/risultati-finali-protocollo-trattamento-acne-neoglis-1024x1024.png\" alt=\"risultati-finali-protocollo-trattamento-acne-neoglis\" class=\"wp-image-14465\" width=\"440\" height=\"440\" srcset=\"https:\/\/www.neoglis.it\/wp-content\/uploads\/2021\/10\/risultati-finali-protocollo-trattamento-acne-neoglis-1024x1024.png 1024w, https:\/\/www.neoglis.it\/wp-content\/uploads\/2021\/10\/risultati-finali-protocollo-trattamento-acne-neoglis-300x300.png 300w, https:\/\/www.neoglis.it\/wp-content\/uploads\/2021\/10\/risultati-finali-protocollo-trattamento-acne-neoglis-150x150.png 150w, https:\/\/www.neoglis.it\/wp-content\/uploads\/2021\/10\/risultati-finali-protocollo-trattamento-acne-neoglis-768x768.png 768w, https:\/\/www.neoglis.it\/wp-content\/uploads\/2021\/10\/risultati-finali-protocollo-trattamento-acne-neoglis-650x650.png 650w, https:\/\/www.neoglis.it\/wp-content\/uploads\/2021\/10\/risultati-finali-protocollo-trattamento-acne-neoglis-600x600.png 600w, https:\/\/www.neoglis.it\/wp-content\/uploads\/2021\/10\/risultati-finali-protocollo-trattamento-acne-neoglis-100x100.png 100w, https:\/\/www.neoglis.it\/wp-content\/uploads\/2021\/10\/risultati-finali-protocollo-trattamento-acne-neoglis.png 1080w\" sizes=\"auto, (max-width: 440px) 100vw, 440px\" \/><\/figure><\/div><\/div><div class=\"wp-block-columns is-layout-flex wp-container-core-columns-is-layout-10 wp-block-columns-is-layout-flex\"><\/div><p><\/p>","protected":false},"excerpt":{"rendered":"<p>Scopri come Francecsa, 23 anni, ha risolto suo problema di acne grave con il trattamento per combattere l&#8217;acne Neoglis.<\/p>\n","protected":false},"author":3,"featured_media":14459,"comment_status":"open","ping_status":"open","sticky":false,"template":"","format":"standard","meta":{"footnotes":""},"categories":[150,117],"tags":[124,123],"class_list":["post-14414","post","type-post","status-publish","format-standard","has-post-thumbnail","hentry","category-acne","category-news","tag-acne-grave","tag-trattamento-acne"],"yoast_head":"<!-- This site is optimized with the Yoast SEO plugin v16.9 - https:\/\/yoast.com\/wordpress\/plugins\/seo\/ -->\n<title>(Italiano) Trattamento acne grave: il protocollo Neoglis per combattere l\u2019acne<\/title>\n<meta name=\"description\" content=\"(Italiano) Scopri come Francesca, 23 anni, ha risolto suo problema di acne grave con il trattamento per combattere l&#039;acne Neoglis.\" \/>\n<meta name=\"robots\" content=\"index, follow, max-snippet:-1, max-image-preview:large, max-video-preview:-1\" \/>\n<link rel=\"canonical\" href=\"https:\/\/www.neoglis.it\/trattamento-acne-grave-il-protocollo-neoglis-per-combattere-lacne\/\" \/>\n<meta property=\"og:locale\" content=\"en_US\" \/>\n<meta property=\"og:type\" content=\"article\" \/>\n<meta property=\"og:title\" content=\"[:it]Trattamento acne grave: il protocollo Neoglis per combattere l\u2019acne[:]\" \/>\n<meta property=\"og:description\" content=\"{:it}Scopri come Francesca, 23 anni, ha risolto suo problema di acne grave con il trattamento per combattere l&#039;acne Neoglis.{:}\" \/>\n<meta property=\"og:url\" content=\"https:\/\/www.neoglis.it\/trattamento-acne-grave-il-protocollo-neoglis-per-combattere-lacne\/\" \/>\n<meta property=\"og:site_name\" content=\"Neoglis\" \/>\n<meta property=\"article:published_time\" content=\"2021-10-22T09:07:22+00:00\" \/>\n<meta property=\"article:modified_time\" content=\"2022-03-25T10:58:30+00:00\" \/>\n<meta property=\"og:image\" content=\"https:\/\/www.neoglis.it\/wp-content\/uploads\/2021\/10\/trattamento-acne-neoglis.png\" \/>\n\t<meta property=\"og:image:width\" content=\"1080\" \/>\n\t<meta property=\"og:image:height\" content=\"1080\" \/>\n<meta name=\"twitter:card\" content=\"summary_large_image\" \/>\n<meta name=\"twitter:label1\" content=\"Written by\" \/>\n\t<meta name=\"twitter:data1\" content=\"neoglis\" \/>\n\t<meta name=\"twitter:label2\" content=\"Est. reading time\" \/>\n\t<meta name=\"twitter:data2\" content=\"6 minutes\" \/>\n<script type=\"application\/ld+json\" class=\"yoast-schema-graph\">{\"@context\":\"https:\/\/schema.org\",\"@graph\":[{\"@type\":\"WebSite\",\"@id\":\"https:\/\/www.neoglis.it\/#website\",\"url\":\"https:\/\/www.neoglis.it\/\",\"name\":\"Neoglis New\",\"description\":\"I dermoceutici\",\"potentialAction\":[{\"@type\":\"SearchAction\",\"target\":{\"@type\":\"EntryPoint\",\"urlTemplate\":\"https:\/\/www.neoglis.it\/?s={search_term_string}\"},\"query-input\":\"required name=search_term_string\"}],\"inLanguage\":\"en-US\"},{\"@type\":\"ImageObject\",\"@id\":\"https:\/\/www.neoglis.it\/trattamento-acne-grave-il-protocollo-neoglis-per-combattere-lacne\/#primaryimage\",\"inLanguage\":\"en-US\",\"url\":\"https:\/\/www.neoglis.it\/wp-content\/uploads\/2021\/10\/trattamento-acne-neoglis.png\",\"contentUrl\":\"https:\/\/www.neoglis.it\/wp-content\/uploads\/2021\/10\/trattamento-acne-neoglis.png\",\"width\":1080,\"height\":1080,\"caption\":\"trattamento-acne-neoglis\"},{\"@type\":\"WebPage\",\"@id\":\"https:\/\/www.neoglis.it\/trattamento-acne-grave-il-protocollo-neoglis-per-combattere-lacne\/#webpage\",\"url\":\"https:\/\/www.neoglis.it\/trattamento-acne-grave-il-protocollo-neoglis-per-combattere-lacne\/\",\"name\":\"[:it]Trattamento acne grave: il protocollo Neoglis per combattere l\\u2019acne[:]\",\"isPartOf\":{\"@id\":\"https:\/\/www.neoglis.it\/#website\"},\"primaryImageOfPage\":{\"@id\":\"https:\/\/www.neoglis.it\/trattamento-acne-grave-il-protocollo-neoglis-per-combattere-lacne\/#primaryimage\"},\"datePublished\":\"2021-10-22T09:07:22+00:00\",\"dateModified\":\"2022-03-25T10:58:30+00:00\",\"author\":{\"@id\":\"https:\/\/www.neoglis.it\/#\/schema\/person\/fd392bc3e0486f763b75689564d868c4\"},\"description\":\"{:it}Scopri come Francesca, 23 anni, ha risolto suo problema di acne grave con il trattamento per combattere l'acne Neoglis.{:}\",\"breadcrumb\":{\"@id\":\"https:\/\/www.neoglis.it\/trattamento-acne-grave-il-protocollo-neoglis-per-combattere-lacne\/#breadcrumb\"},\"inLanguage\":\"en-US\",\"potentialAction\":[{\"@type\":\"ReadAction\",\"target\":[\"https:\/\/www.neoglis.it\/trattamento-acne-grave-il-protocollo-neoglis-per-combattere-lacne\/\"]}]},{\"@type\":\"BreadcrumbList\",\"@id\":\"https:\/\/www.neoglis.it\/trattamento-acne-grave-il-protocollo-neoglis-per-combattere-lacne\/#breadcrumb\",\"itemListElement\":[{\"@type\":\"ListItem\",\"position\":1,\"name\":\"Home\",\"item\":\"https:\/\/www.neoglis.it\/\"},{\"@type\":\"ListItem\",\"position\":2,\"name\":\"Trattamento acne grave: il protocollo Neoglis per combattere l\\u2019acne e la storia di Francesca\"}]},{\"@type\":\"Person\",\"@id\":\"https:\/\/www.neoglis.it\/#\/schema\/person\/fd392bc3e0486f763b75689564d868c4\",\"name\":\"neoglis\",\"image\":{\"@type\":\"ImageObject\",\"@id\":\"https:\/\/www.neoglis.it\/#personlogo\",\"inLanguage\":\"en-US\",\"url\":\"https:\/\/secure.gravatar.com\/avatar\/ef2c95e2e3870697f7a7120827b030fe?s=96&d=mm&r=g\",\"contentUrl\":\"https:\/\/secure.gravatar.com\/avatar\/ef2c95e2e3870697f7a7120827b030fe?s=96&d=mm&r=g\",\"caption\":\"neoglis\"}}]}<\/script>\n<!-- \/ Yoast SEO plugin. -->","yoast_head_json":{"title":"(Italiano) Trattamento acne grave: il protocollo Neoglis per combattere l\u2019acne","description":"(Italiano) Scopri come Francesca, 23 anni, ha risolto suo problema di acne grave con il trattamento per combattere l'acne Neoglis.","robots":{"index":"index","follow":"follow","max-snippet":"max-snippet:-1","max-image-preview":"max-image-preview:large","max-video-preview":"max-video-preview:-1"},"canonical":"https:\/\/www.neoglis.it\/trattamento-acne-grave-il-protocollo-neoglis-per-combattere-lacne\/","og_locale":"en_US","og_type":"article","og_title":"[:it]Trattamento acne grave: il protocollo Neoglis per combattere l\u2019acne[:]","og_description":"{:it}Scopri come Francesca, 23 anni, ha risolto suo problema di acne grave con il trattamento per combattere l'acne Neoglis.{:}","og_url":"https:\/\/www.neoglis.it\/trattamento-acne-grave-il-protocollo-neoglis-per-combattere-lacne\/","og_site_name":"Neoglis","article_published_time":"2021-10-22T09:07:22+00:00","article_modified_time":"2022-03-25T10:58:30+00:00","og_image":[{"width":1080,"height":1080,"url":"https:\/\/www.neoglis.it\/wp-content\/uploads\/2021\/10\/trattamento-acne-neoglis.png","path":"\/var\/www\/vhosts\/neoglis.it\/httpdocs\/wp-content\/uploads\/2021\/10\/trattamento-acne-neoglis.png","size":"full","id":14459,"alt":"trattamento-acne-neoglis","pixels":1166400,"type":"image\/png"}],"twitter_card":"summary_large_image","twitter_misc":{"Written by":"neoglis","Est. reading time":"6 minutes"},"schema":{"@context":"https:\/\/schema.org","@graph":[{"@type":"WebSite","@id":"https:\/\/www.neoglis.it\/#website","url":"https:\/\/www.neoglis.it\/","name":"Neoglis New","description":"I dermoceutici","potentialAction":[{"@type":"SearchAction","target":{"@type":"EntryPoint","urlTemplate":"https:\/\/www.neoglis.it\/?s={search_term_string}"},"query-input":"required name=search_term_string"}],"inLanguage":"en-US"},{"@type":"ImageObject","@id":"https:\/\/www.neoglis.it\/trattamento-acne-grave-il-protocollo-neoglis-per-combattere-lacne\/#primaryimage","inLanguage":"en-US","url":"https:\/\/www.neoglis.it\/wp-content\/uploads\/2021\/10\/trattamento-acne-neoglis.png","contentUrl":"https:\/\/www.neoglis.it\/wp-content\/uploads\/2021\/10\/trattamento-acne-neoglis.png","width":1080,"height":1080,"caption":"trattamento-acne-neoglis"},{"@type":"WebPage","@id":"https:\/\/www.neoglis.it\/trattamento-acne-grave-il-protocollo-neoglis-per-combattere-lacne\/#webpage","url":"https:\/\/www.neoglis.it\/trattamento-acne-grave-il-protocollo-neoglis-per-combattere-lacne\/","name":"[:it]Trattamento acne grave: il protocollo Neoglis per combattere l\u2019acne[:]","isPartOf":{"@id":"https:\/\/www.neoglis.it\/#website"},"primaryImageOfPage":{"@id":"https:\/\/www.neoglis.it\/trattamento-acne-grave-il-protocollo-neoglis-per-combattere-lacne\/#primaryimage"},"datePublished":"2021-10-22T09:07:22+00:00","dateModified":"2022-03-25T10:58:30+00:00","author":{"@id":"https:\/\/www.neoglis.it\/#\/schema\/person\/fd392bc3e0486f763b75689564d868c4"},"description":"{:it}Scopri come Francesca, 23 anni, ha risolto suo problema di acne grave con il trattamento per combattere l'acne Neoglis.{:}","breadcrumb":{"@id":"https:\/\/www.neoglis.it\/trattamento-acne-grave-il-protocollo-neoglis-per-combattere-lacne\/#breadcrumb"},"inLanguage":"en-US","potentialAction":[{"@type":"ReadAction","target":["https:\/\/www.neoglis.it\/trattamento-acne-grave-il-protocollo-neoglis-per-combattere-lacne\/"]}]},{"@type":"BreadcrumbList","@id":"https:\/\/www.neoglis.it\/trattamento-acne-grave-il-protocollo-neoglis-per-combattere-lacne\/#breadcrumb","itemListElement":[{"@type":"ListItem","position":1,"name":"Home","item":"https:\/\/www.neoglis.it\/"},{"@type":"ListItem","position":2,"name":"Trattamento acne grave: il protocollo Neoglis per combattere l\u2019acne e la storia di Francesca"}]},{"@type":"Person","@id":"https:\/\/www.neoglis.it\/#\/schema\/person\/fd392bc3e0486f763b75689564d868c4","name":"neoglis","image":{"@type":"ImageObject","@id":"https:\/\/www.neoglis.it\/#personlogo","inLanguage":"en-US","url":"https:\/\/secure.gravatar.com\/avatar\/ef2c95e2e3870697f7a7120827b030fe?s=96&d=mm&r=g","contentUrl":"https:\/\/secure.gravatar.com\/avatar\/ef2c95e2e3870697f7a7120827b030fe?s=96&d=mm&r=g","caption":"neoglis"}}]}},"_links":{"self":[{"href":"https:\/\/www.neoglis.it\/en\/wp-json\/wp\/v2\/posts\/14414","targetHints":{"allow":["GET"]}}],"collection":[{"href":"https:\/\/www.neoglis.it\/en\/wp-json\/wp\/v2\/posts"}],"about":[{"href":"https:\/\/www.neoglis.it\/en\/wp-json\/wp\/v2\/types\/post"}],"author":[{"embeddable":true,"href":"https:\/\/www.neoglis.it\/en\/wp-json\/wp\/v2\/users\/3"}],"replies":[{"embeddable":true,"href":"https:\/\/www.neoglis.it\/en\/wp-json\/wp\/v2\/comments?post=14414"}],"version-history":[{"count":24,"href":"https:\/\/www.neoglis.it\/en\/wp-json\/wp\/v2\/posts\/14414\/revisions"}],"predecessor-version":[{"id":14939,"href":"https:\/\/www.neoglis.it\/en\/wp-json\/wp\/v2\/posts\/14414\/revisions\/14939"}],"wp:featuredmedia":[{"embeddable":true,"href":"https:\/\/www.neoglis.it\/en\/wp-json\/wp\/v2\/media\/14459"}],"wp:attachment":[{"href":"https:\/\/www.neoglis.it\/en\/wp-json\/wp\/v2\/media?parent=14414"}],"wp:term":[{"taxonomy":"category","embeddable":true,"href":"https:\/\/www.neoglis.it\/en\/wp-json\/wp\/v2\/categories?post=14414"},{"taxonomy":"post_tag","embeddable":true,"href":"https:\/\/www.neoglis.it\/en\/wp-json\/wp\/v2\/tags?post=14414"}],"curies":[{"name":"wp","href":"https:\/\/api.w.org\/{rel}","templated":true}]}}